{"id":17897,"date":"2021-10-01T11:22:38","date_gmt":"2021-10-01T09:22:38","guid":{"rendered":"https:\/\/relnet.hu\/?p=17897"},"modified":"2021-10-01T11:22:38","modified_gmt":"2021-10-01T09:22:38","slug":"ujra-bajnok-a-juniper-a-cybersecurity-leadership-matrixon","status":"publish","type":"post","link":"https:\/\/relnet.hu\/en\/ujra-bajnok-a-juniper-a-cybersecurity-leadership-matrixon\/","title":{"rendered":"\u00dajra \u201eBajnok\u201d a Juniper a Cybersecurity Leadership m\u00e1trixon"},"content":{"rendered":"<p><img decoding=\"async\" src=\"https:\/\/relnet.hu\/wp-content\/uploads\/2021\/10\/graph-min.jpg\" alt=\"graph-min\" \/><br \/>center<br \/>rn-kep-kepala<\/p>\n<p>A teljes IT-biztons\u00e1gi piac a pand\u00e9mia ellen\u00e9re tov\u00e1bb n\u0151tt 2020-ban. A Canalys becsl\u00e9se szerint a megrendel\u00e9sek \u00e9rt\u00e9ke csaknem 10 sz\u00e1zal\u00e9kkal n\u0151tt. A t\u00f6meges t\u00e1vmunka felgyors\u00edtotta a digit\u00e1lis transzform\u00e1ci\u00f3t \u00e9s a felh\u0151re t\u00f6rt\u00e9n\u0151 \u00e1t\u00e1ll\u00e1st, ami viszont megn\u00f6velte a biztons\u00e1gi r\u00e9seket, az adatlop\u00e1s kock\u00e1zatait \u00e9s a zsarol\u00f3programok fenyeget\u00e9s\u00e9t \u2013 jelent\u0151s fennakad\u00e1sokat, s\u0151t, anyagi vesztes\u00e9geket okozva a szervezeteknek.<br \/>\n<br \/>Fel\u00e9rt\u00e9kel\u0151d\u00f6tt a nagy tech c\u00e9gek viszontelad\u00f3 partnereinek fontoss\u00e1ga is, hiszen \u0151k jelentik a kapcsolatot a gy\u00e1rt\u00f3k \u00e9s a v\u00e9gfelhaszn\u00e1l\u00f3k k\u00f6z\u00f6tt. Ezt a \u201eBajnokok\u201d is felismert\u00e9k, hiszen az elm\u00falt id\u0151szakban kiemelt figyelmet \u00e9s er\u0151forr\u00e1sokat ford\u00edtottak az \u00e9rt\u00e9kes\u00edt\u00e9si csatorn\u00e1juk fejleszt\u00e9s\u00e9re, valamint a partnereik nyeres\u00e9gess\u00e9g\u00e9nek fokoz\u00e1s\u00e1ra.<br \/>\n<br \/>A Juniper Networks \u2013 amellyel a RelNet 2004 \u00f3ta m\u0171k\u00f6dik egy\u00fctt Magyarorsz\u00e1gon \u2013 nem csak a partnereire ford\u00edtott figyelmet, de meger\u0151s\u00edtette a Connected Security strat\u00e9gi\u00e1j\u00e1t is, m\u00e9gpedig az\u00e1ltal, hogy on-premise \u00e9s felh\u0151 alap\u00fa k\u00f6rnyezetekre bevezette a Security Director Cloud menedzsment megold\u00e1s\u00e1t, amely a biztons\u00e1g meg\u0151rz\u00e9se mellett viszi k\u00f6zelebb az alkalmaz\u00e1sokat a v\u00e9gfelhaszn\u00e1l\u00f3khoz a Secure Access Service Edge (SASE) h\u00e1l\u00f3zati \u00e9s biztons\u00e1gi architekt\u00fara r\u00e9v\u00e9n. A SASE architekt\u00fara egyes\u00edti a h\u00e1l\u00f3zatot \u00e9s a biztons\u00e1got, k\u00f6zvetlen \u00e9s biztons\u00e1gos hozz\u00e1f\u00e9r\u00e9st val\u00f3s\u00edt meg az alkalmaz\u00e1sokhoz, amikor azok a felh\u0151be k\u00f6lt\u00f6znek. A Juniper lehet\u0151v\u00e9 teszi az \u00fcgyfelei sz\u00e1m\u00e1ra, hogy z\u00f6kken\u0151mentesen \u00e9s biztons\u00e1gosan \u00e1lljanak \u00e1t a SASE architekt\u00far\u00e1ra, mik\u00f6zben hely\u00fckt\u0151l f\u00fcggetlen\u00fcl a felhaszn\u00e1l\u00f3k, az alkalmaz\u00e1sok \u00e9s az infrastrukt\u00fara elemei is v\u00e9dve maradnak. B\u00e1rhol \u00e9s b\u00e1rhonnan kezelhet\u0151v\u00e9 teszi a biztons\u00e1got: a helysz\u00ednen \u00e9s a felh\u0151ben, vagy a felh\u0151b\u0151l.<br \/>\n<br \/>A Canalys \u00fagy \u00e9rt\u00e9keli, hogy a kiberbiztons\u00e1gi k\u00f6lt\u00e9sek t\u00f6bb mint 11 sz\u00e1zal\u00e9kkal fognak n\u0151ni 2021-ben, hiszen az elm\u00falt \u00e9v h\u00edrhedt t\u00e1mad\u00e1sai k\u00f6vetkezt\u00e9ben az \u00fcgyfelek ig\u00e9nye is fokoz\u00f3dik a leg\u00fajabb kiberv\u00e9delmi megold\u00e1sok ir\u00e1nt. A gy\u00e1rt\u00f3k v\u00e1rhat\u00f3an jelent\u0151s anyagi er\u0151forr\u00e1sokat fektetnek a partnerprogramjaikba, t\u00f6bbek k\u00f6z\u00f6tt tov\u00e1bbi \u00f6szt\u00f6nz\u0151 kamp\u00e1nyok, egyedi kedvezm\u00e9nyek, k\u00e9pz\u00e9sek bevezet\u00e9s\u00e9vel, illetve \u00faj \u00e9rt\u00e9kes\u00edt\u00e9si csatorn\u00e1k megnyit\u00e1s\u00e1val.<br \/>\n<\/p>\n<h5>Kapcsol\u00f3d\u00f3 tartalom<\/h5>\n<p><a href=\"https:\/\/relnet.hu\/kepzesek\/valaszthato-kepzeseink\/?catid=2480\">Juniper Networks k\u00e9pz\u00e9sek a RelNet eLearning programj\u00e1ban<\/a><br \/>justify<br \/>no-repeat;left top;;<br \/>auto<\/p>\n","protected":false},"excerpt":{"rendered":"<p>A Juniper Networks 2021-ben is a \u201eChampions\u201d mez\u0151ben szerepel a Canalys technol\u00f3giai piackutat\u00f3 v\u00e1llalat Cybersecurity Leadership m\u00e1trix\u00e1n. <\/p>\n","protected":false},"author":1086,"featured_media":17906,"comment_status":"closed","ping_status":"closed","sticky":false,"template":"","format":"standard","meta":{"footnotes":""},"categories":[164],"tags":[552,1611,71,2580,2579,2522,2581],"yst_prominent_words":[],"class_list":["post-17897","post","type-post","status-publish","format-standard","has-post-thumbnail","hentry","category-juniper-networks","tag-canalys","tag-connected-security","tag-juniper-networks","tag-sase-architecture","tag-sase-architektura","tag-secure-access-service-edge","tag-security-director-cloud"],"_links":{"self":[{"href":"https:\/\/relnet.hu\/en\/wp-json\/wp\/v2\/posts\/17897","targetHints":{"allow":["GET"]}}],"collection":[{"href":"https:\/\/relnet.hu\/en\/wp-json\/wp\/v2\/posts"}],"about":[{"href":"https:\/\/relnet.hu\/en\/wp-json\/wp\/v2\/types\/post"}],"author":[{"embeddable":true,"href":"https:\/\/relnet.hu\/en\/wp-json\/wp\/v2\/users\/1086"}],"replies":[{"embeddable":true,"href":"https:\/\/relnet.hu\/en\/wp-json\/wp\/v2\/comments?post=17897"}],"version-history":[{"count":7,"href":"https:\/\/relnet.hu\/en\/wp-json\/wp\/v2\/posts\/17897\/revisions"}],"predecessor-version":[{"id":17911,"href":"https:\/\/relnet.hu\/en\/wp-json\/wp\/v2\/posts\/17897\/revisions\/17911"}],"wp:featuredmedia":[{"embeddable":true,"href":"https:\/\/relnet.hu\/en\/wp-json\/wp\/v2\/media\/17906"}],"wp:attachment":[{"href":"https:\/\/relnet.hu\/en\/wp-json\/wp\/v2\/media?parent=17897"}],"wp:term":[{"taxonomy":"category","embeddable":true,"href":"https:\/\/relnet.hu\/en\/wp-json\/wp\/v2\/categories?post=17897"},{"taxonomy":"post_tag","embeddable":true,"href":"https:\/\/relnet.hu\/en\/wp-json\/wp\/v2\/tags?post=17897"},{"taxonomy":"yst_prominent_words","embeddable":true,"href":"https:\/\/relnet.hu\/en\/wp-json\/wp\/v2\/yst_prominent_words?post=17897"}],"curies":[{"name":"wp","href":"https:\/\/api.w.org\/{rel}","templated":true}]}}