{"id":40034,"date":"2025-11-07T11:24:15","date_gmt":"2025-11-07T10:24:15","guid":{"rendered":"https:\/\/relnet.hu\/?p=40034"},"modified":"2025-11-07T11:24:15","modified_gmt":"2025-11-07T10:24:15","slug":"a-wallix-ismet-visionary-a-gartner-pam-magic-quadrantban","status":"publish","type":"post","link":"https:\/\/relnet.hu\/en\/a-wallix-ismet-visionary-a-gartner-pam-magic-quadrantban\/","title":{"rendered":"A WALLIX ism\u00e9t \u201eVisionary\u201d a Gartner PAM Magic Quadrantban"},"content":{"rendered":"<p>A Visionary poz\u00edci\u00f3 azt jelzi, hogy a WALLIX egy\u00e9rtelm\u0171 j\u00f6v\u0151k\u00e9ppel rendelkezik, \u00e9s ezt folyamatos term\u00e9kfejleszt\u00e9ssel t\u00e1masztja al\u00e1. A v\u00e1llalat nemcsak a klasszikus PAM-funkci\u00f3kban er\u0151s, hanem a felh\u0151\/hibrid \u00e9s az ipari k\u00f6rnyezetek saj\u00e1tos ig\u00e9nyeire is v\u00e1laszt ad.<\/p>\n<p><strong>A WALLIX strat\u00e9gi\u00e1j\u00e1nak h\u00e1rom pill\u00e9re:<\/strong><\/p>\n<ul>\n<li><strong>Eur\u00f3pai digit\u00e1lis szuverenit\u00e1s:<\/strong> megb\u00edzhat\u00f3 alternat\u00edva a nemzetk\u00f6zi szerepl\u0151kkel szemben;<\/li>\n<li><strong>\u00c1tfog\u00f3 lefedetts\u00e9g:<\/strong> a PAM-t\u00f3l az ipari hozz\u00e1f\u00e9r\u00e9sv\u00e9delemig, egys\u00e9ges szeml\u00e9letben, felh\u0151s \u00e9s hibrid architekt\u00far\u00e1kra is;<\/li>\n<li><strong>\u00dcgyf\u00e9l- \u00e9s ipar\u00e1g-f\u00f3kusz:<\/strong> er\u0151s jelenl\u00e9t olyan vertikumokban, mint gy\u00e1rt\u00e1s, eg\u00e9szs\u00e9g\u00fcgy, p\u00e9nz\u00fcgyi szektor \u00e9s a k\u00f6zszf\u00e9ra, testreszabott t\u00e1mogat\u00e1ssal \u00e9s magas fok\u00fa felhaszn\u00e1l\u00f3i \u00e9lm\u00e9nnyel.<\/li>\n<\/ul>\n<p><strong>A Magic Quadrant kimutat\u00e1s szerint a WALLIX PAM megold\u00e1sa az al\u00e1bbiakban jeleskedik:<\/strong><\/p>\n<ul>\n<li><strong>Biztons\u00e1gos t\u00e1voli hozz\u00e1f\u00e9r\u00e9s:<\/strong> a WALLIX One Remote Access t\u00e1mogatja a f\u0151 session management protokollokat, egys\u00e9ges bel\u00e9ptet\u00e9ssel \u00e9s ellen\u0151rz\u00f6tt el\u00e9r\u00e9ssel.<\/li>\n<li><strong>OT-k\u00e9pess\u00e9gek:<\/strong> a kritikus k\u00f6rnyezetek speci\u00e1lis k\u00f6vetelm\u00e9nyeire szabva;<\/li>\n<li><strong>Gyors \u00e9s hat\u00e9kony m\u0171szaki t\u00e1mogat\u00e1s<\/strong>, folyamatos fejleszt\u00e9si kult\u00fara.<\/li>\n<\/ul>\n<p>A v\u00e1llalat v\u00edzi\u00f3ja a digit\u00e1lis bizalom er\u0151s\u00edt\u00e9se szuver\u00e9n \u00e9s innovat\u00edv megold\u00e1sokkal. A sorozatban elnyert Visionary min\u0151s\u00edt\u00e9s azt jelzi, hogy a WALLIX val\u00f3s piaci ig\u00e9nyekre ad v\u00e1laszt, \u00fagy, mint: versenyk\u00e9pess\u00e9g, megfelel\u00e9s \u00e9s kiberreziliencia.<\/p>\n<h5>A WALLIX-r\u00f3l<\/h5>\n<p>A WALLIX eur\u00f3pai kiberbiztons\u00e1gi szoftvergy\u00e1rt\u00f3, amely identit\u00e1s- \u00e9s hozz\u00e1f\u00e9r\u00e9sv\u00e9delemi (IAM) megold\u00e1sokat sz\u00e1ll\u00edt: privilegiz\u00e1lt hozz\u00e1f\u00e9r\u00e9s-kezel\u00e9st (PAM), munkav\u00e1llal\u00f3i hozz\u00e1f\u00e9r\u00e9st, valamint governance funkci\u00f3kat. Technol\u00f3gi\u00e1i a kritikus er\u0151forr\u00e1sok v\u00e9delm\u00e9t, a megfelel\u00e9s egyszer\u0171s\u00edt\u00e9s\u00e9t \u00e9s az \u00fczemi hat\u00e9konys\u00e1g n\u00f6vel\u00e9s\u00e9t szolg\u00e1lj\u00e1k, mind IT, mind OT k\u00f6rnyezetben.<\/p>\n<p>Keresse bizalommal a RelNet szak\u00e9rt\u0151it a WALLIX \u00f6sszes megold\u00e1s\u00e1val kapcsolatban!<\/p>\n<h5>Forr\u00e1s<\/h5>\n<p><a href=\"https:\/\/www.wallix.com\/press\/wallix-recognized-as-a-visionary-for-the-third-consecutive-year-in-the-2025-gartner-magic-quadrant-for-pam-solutions\/\" target=\"_blank\" rel=\"noopener\">WALLIX recognized as a &#8220;Visionary&#8221; for the third consecutive year in the 2025 Gartner Magic Quadrant for PAM Solutions.<\/a><\/p>\n<h5>Kapcsol\u00f3d\u00f3 tartalom<\/h5>\n<p><a href=\"https:\/\/relnet.hu\/kepzesek\/valaszthato-kepzeseink\/?catid=3065\" target=\"_blank\" rel=\"noopener\">WALLIX k\u00e9pz\u00e9sek a RelNet eLearning programban<\/a><\/p>\n","protected":false},"excerpt":{"rendered":"<p>A WALLIX-ot a Gartner 2025-\u00f6s Privileged Access Management jelent\u00e9se harmadszor egym\u00e1s ut\u00e1n sorolta a Visionary kateg\u00f3ri\u00e1ba. A gy\u00e1rt\u00f3 tov\u00e1bbra is az egyetlen eur\u00f3pai szerepl\u0151 a mez\u0151nyben, ami a digit\u00e1lis szuverenit\u00e1s, az innov\u00e1ci\u00f3 \u00e9s az \u00fcgyf\u00e9lk\u00f6zpont\u00fas\u00e1g k\u00f6vetkezetes bizony\u00edt\u00e9ka.<\/p>\n","protected":false},"author":1086,"featured_media":40037,"comment_status":"closed","ping_status":"closed","sticky":false,"template":"","format":"standard","meta":{"footnotes":""},"categories":[2853],"tags":[94,3105,86,2325,2854],"yst_prominent_words":[],"class_list":["post-40034","post","type-post","status-publish","format-standard","has-post-thumbnail","hentry","category-wallix","tag-gartner","tag-gartner-magic-quadrant","tag-magic-quadrant","tag-pam","tag-wallix"],"_links":{"self":[{"href":"https:\/\/relnet.hu\/en\/wp-json\/wp\/v2\/posts\/40034","targetHints":{"allow":["GET"]}}],"collection":[{"href":"https:\/\/relnet.hu\/en\/wp-json\/wp\/v2\/posts"}],"about":[{"href":"https:\/\/relnet.hu\/en\/wp-json\/wp\/v2\/types\/post"}],"author":[{"embeddable":true,"href":"https:\/\/relnet.hu\/en\/wp-json\/wp\/v2\/users\/1086"}],"replies":[{"embeddable":true,"href":"https:\/\/relnet.hu\/en\/wp-json\/wp\/v2\/comments?post=40034"}],"version-history":[{"count":1,"href":"https:\/\/relnet.hu\/en\/wp-json\/wp\/v2\/posts\/40034\/revisions"}],"predecessor-version":[{"id":40035,"href":"https:\/\/relnet.hu\/en\/wp-json\/wp\/v2\/posts\/40034\/revisions\/40035"}],"wp:featuredmedia":[{"embeddable":true,"href":"https:\/\/relnet.hu\/en\/wp-json\/wp\/v2\/media\/40037"}],"wp:attachment":[{"href":"https:\/\/relnet.hu\/en\/wp-json\/wp\/v2\/media?parent=40034"}],"wp:term":[{"taxonomy":"category","embeddable":true,"href":"https:\/\/relnet.hu\/en\/wp-json\/wp\/v2\/categories?post=40034"},{"taxonomy":"post_tag","embeddable":true,"href":"https:\/\/relnet.hu\/en\/wp-json\/wp\/v2\/tags?post=40034"},{"taxonomy":"yst_prominent_words","embeddable":true,"href":"https:\/\/relnet.hu\/en\/wp-json\/wp\/v2\/yst_prominent_words?post=40034"}],"curies":[{"name":"wp","href":"https:\/\/api.w.org\/{rel}","templated":true}]}}